{"id":76,"date":"2026-01-22T10:47:25","date_gmt":"2026-01-22T10:47:25","guid":{"rendered":"https:\/\/www.raatikainen.mediasaari.fi\/?p=76"},"modified":"2026-01-22T11:24:59","modified_gmt":"2026-01-22T11:24:59","slug":"presidentti-stubb-avasi-oulu2026-avajaiset","status":"publish","type":"post","link":"https:\/\/www.raatikainen.mediasaari.fi\/?p=76","title":{"rendered":"Presidentti Stubb avasi Oulu2026 avajaiset"},"content":{"rendered":"\n<p>K\u00e4vin torstaina 16.1.2026 Oulun Kauppatorilla seuraamassa Oulu2026-kulttuurip\u00e4\u00e4kaupunkivuoden avajaisfestivaalia. Tapahtuman kohokohtana oli Suomen tasavallan presidentin Alexander Stubbin puhe, jolla h\u00e4n avasi virallisesti kulttuurip\u00e4\u00e4kaupunkivuoden. Presidentin n\u00e4keminen paikan p\u00e4\u00e4ll\u00e4 oli monelle suuri hetki, ja se n\u00e4kyi my\u00f6s yleis\u00f6n m\u00e4\u00e4r\u00e4ss\u00e4.<\/p>\n\n\n\n<p>Kauppatorille oli kokoontunut arviolta noin 9000 ihmist\u00e4. Paikalla oli kaikenik\u00e4isi\u00e4 k\u00e4vij\u00f6it\u00e4, ja tunnelma oli odottava jo hyviss\u00e4 ajoin ennen presidentin saapumista.<\/p>\n\n\n\n<p>S\u00e4\u00e4 oli talvinen, mutta ei kaikkein pahimmasta p\u00e4\u00e4st\u00e4: pakkasta oli noin \u20132 astetta. Siit\u00e4 huolimatta ulkona seisominen pitki\u00e4 aikoja alkoi tuntua kylm\u00e4lt\u00e4, ja moni varmasti toivoi, ett\u00e4 tapahtuma olisi voitu j\u00e4rjest\u00e4\u00e4 sis\u00e4tiloissa tai ett\u00e4 alueella olisi ollut enemm\u00e4n l\u00e4mmitettyj\u00e4 tiloja. Pitk\u00e4 paikallaan seisominen teki kylm\u00e4st\u00e4 selv\u00e4sti tuntuvamman.<\/p>\n\n\n\n<p>Tapahtuman j\u00e4rjestelyiss\u00e4 oli my\u00f6s puutteita. Erityisesti j\u00e4rjestyksenvalvonta vaikutti ajoittain riitt\u00e4m\u00e4tt\u00f6m\u00e4lt\u00e4 suuren yleis\u00f6m\u00e4\u00e4r\u00e4n vuoksi. Ihmisi\u00e4 liikkui paljon ahtaalla alueella, eik\u00e4 ohjeistus ollut aina selke\u00e4\u00e4. T\u00e4m\u00e4 heikensi hetkitt\u00e4in tapahtuman viihtyisyytt\u00e4 ja turvallisuuden tunnetta.<\/p>\n\n\n\n<p>Kaikesta huolimatta avajaisfestivaali oli merkitt\u00e4v\u00e4 aloitus Oulu2026-vuodelle. Presidentin l\u00e4sn\u00e4olo ja suuri yleis\u00f6m\u00e4\u00e4r\u00e4 osoittivat, ett\u00e4 kulttuurip\u00e4\u00e4kaupunkivuosi her\u00e4tt\u00e4\u00e4 kiinnostusta ja odotuksia. Tapahtuma j\u00e4i mieleen kokemuksena, joka yhdisti oululaisia ja toi kaupunkiin juhlan tuntua keskell\u00e4 talvea.<\/p>\n\n\n\n<figure class=\"wp-block-image size-large\"><img loading=\"lazy\" decoding=\"async\" width=\"768\" height=\"1024\" src=\"https:\/\/www.raatikainen.mediasaari.fi\/wp-content\/uploads\/2026\/01\/stubb44-768x1024.jpg\" alt=\"\" class=\"wp-image-77\" srcset=\"https:\/\/www.raatikainen.mediasaari.fi\/wp-content\/uploads\/2026\/01\/stubb44-768x1024.jpg 768w, https:\/\/www.raatikainen.mediasaari.fi\/wp-content\/uploads\/2026\/01\/stubb44-225x300.jpg 225w, https:\/\/www.raatikainen.mediasaari.fi\/wp-content\/uploads\/2026\/01\/stubb44-1152x1536.jpg 1152w, https:\/\/www.raatikainen.mediasaari.fi\/wp-content\/uploads\/2026\/01\/stubb44.jpg 1536w\" sizes=\"auto, (max-width: 768px) 100vw, 768px\" \/><figcaption class=\"wp-element-caption\">Presidentti Alexander Stubb pit\u00e4m\u00e4ss\u00e4 puhetta kauppatorilla.<\/figcaption><\/figure>\n\n\n\n<figure class=\"wp-block-image size-large\"><img loading=\"lazy\" decoding=\"async\" width=\"768\" height=\"1024\" src=\"https:\/\/www.raatikainen.mediasaari.fi\/wp-content\/uploads\/2026\/01\/stubb22-768x1024.jpg\" alt=\"\" class=\"wp-image-78\" srcset=\"https:\/\/www.raatikainen.mediasaari.fi\/wp-content\/uploads\/2026\/01\/stubb22-768x1024.jpg 768w, https:\/\/www.raatikainen.mediasaari.fi\/wp-content\/uploads\/2026\/01\/stubb22-225x300.jpg 225w, https:\/\/www.raatikainen.mediasaari.fi\/wp-content\/uploads\/2026\/01\/stubb22-1152x1536.jpg 1152w, https:\/\/www.raatikainen.mediasaari.fi\/wp-content\/uploads\/2026\/01\/stubb22.jpg 1536w\" sizes=\"auto, (max-width: 768px) 100vw, 768px\" \/><figcaption class=\"wp-element-caption\">Kuvasta voi v\u00e4h\u00e4n hahmottaa yleis\u00f6n m\u00e4\u00e4r\u00e4\u00e4.<\/figcaption><\/figure>\n","protected":false},"excerpt":{"rendered":"<p>K\u00e4vin torstaina 16.1.2026 Oulun Kauppatorilla seuraamassa Oulu2026-kulttuurip\u00e4\u00e4kaupunkivuoden avajaisfestivaalia. Tapahtuman kohokohtana oli Suomen tasavallan presidentin Alexander Stubbin puhe, jolla h\u00e4n avasi virallisesti kulttuurip\u00e4\u00e4kaupunkivuoden. Presidentin n\u00e4keminen paikan p\u00e4\u00e4ll\u00e4 oli monelle suuri hetki, ja se n\u00e4kyi my\u00f6s yleis\u00f6n m\u00e4\u00e4r\u00e4ss\u00e4. Kauppatorille oli kokoontunut arviolta noin 9000 ihmist\u00e4. Paikalla oli kaikenik\u00e4isi\u00e4 k\u00e4vij\u00f6it\u00e4, ja tunnelma oli odottava jo hyviss\u00e4 ajoin ennen&hellip; <a class=\"more-link\" href=\"https:\/\/www.raatikainen.mediasaari.fi\/?p=76\">Jatka lukemista <span class=\"screen-reader-text\">Presidentti Stubb avasi Oulu2026 avajaiset<\/span><\/a><\/p>\n","protected":false},"author":1,"featured_media":0,"comment_status":"open","ping_status":"open","sticky":false,"template":"","format":"standard","meta":{"footnotes":""},"categories":[1],"tags":[],"class_list":["post-76","post","type-post","status-publish","format-standard","hentry","category-kaikki","entry"],"_links":{"self":[{"href":"https:\/\/www.raatikainen.mediasaari.fi\/index.php?rest_route=\/wp\/v2\/posts\/76","targetHints":{"allow":["GET"]}}],"collection":[{"href":"https:\/\/www.raatikainen.mediasaari.fi\/index.php?rest_route=\/wp\/v2\/posts"}],"about":[{"href":"https:\/\/www.raatikainen.mediasaari.fi\/index.php?rest_route=\/wp\/v2\/types\/post"}],"author":[{"embeddable":true,"href":"https:\/\/www.raatikainen.mediasaari.fi\/index.php?rest_route=\/wp\/v2\/users\/1"}],"replies":[{"embeddable":true,"href":"https:\/\/www.raatikainen.mediasaari.fi\/index.php?rest_route=%2Fwp%2Fv2%2Fcomments&post=76"}],"version-history":[{"count":2,"href":"https:\/\/www.raatikainen.mediasaari.fi\/index.php?rest_route=\/wp\/v2\/posts\/76\/revisions"}],"predecessor-version":[{"id":81,"href":"https:\/\/www.raatikainen.mediasaari.fi\/index.php?rest_route=\/wp\/v2\/posts\/76\/revisions\/81"}],"wp:attachment":[{"href":"https:\/\/www.raatikainen.mediasaari.fi\/index.php?rest_route=%2Fwp%2Fv2%2Fmedia&parent=76"}],"wp:term":[{"taxonomy":"category","embeddable":true,"href":"https:\/\/www.raatikainen.mediasaari.fi\/index.php?rest_route=%2Fwp%2Fv2%2Fcategories&post=76"},{"taxonomy":"post_tag","embeddable":true,"href":"https:\/\/www.raatikainen.mediasaari.fi\/index.php?rest_route=%2Fwp%2Fv2%2Ftags&post=76"}],"curies":[{"name":"wp","href":"https:\/\/api.w.org\/{rel}","templated":true}]}}